{"id":7204,"date":"2026-03-19T09:53:04","date_gmt":"2026-03-19T08:53:04","guid":{"rendered":"https:\/\/ferlamripoll.com\/ripoll-impulsa-la-construccio-dhabitatge-public-que-significa-per-al-mercat-immobiliari-el-2026\/"},"modified":"2026-03-19T09:53:04","modified_gmt":"2026-03-19T08:53:04","slug":"ripoll-impulsa-la-construccio-dhabitatge-public-que-significa-per-al-mercat-immobiliari-el-2026","status":"publish","type":"post","link":"https:\/\/ferlamripoll.com\/ca\/ripoll-impulsa-la-construccio-dhabitatge-public-que-significa-per-al-mercat-immobiliari-el-2026\/","title":{"rendered":"Ripoll impulsa la construcci\u00f3 d&#8217;habitatge p\u00fablic: qu\u00e8 significa per al mercat immobiliari el 2026"},"content":{"rendered":"<p data-start=\"280\" data-end=\"622\">L&#8217;acc\u00e9s a l&#8217;habitatge continua sent un dels grans reptes a moltes zones de Catalunya, i Ripoll no n&#8217;\u00e9s una excepci\u00f3. En aquest context, l&#8217;ajuntament ha anunciat noves iniciatives per <strong data-start=\"472\" data-end=\"520\">impulsar la construcci\u00f3 de vivenda p\u00fablica<\/strong>, amb l&#8217;objectiu d&#8217;augmentar l&#8217;oferta disponible i facilitar l&#8217;acc\u00e9s a pisos a preus assequibles. <\/p>\n<p data-start=\"624\" data-end=\"749\">Per\u00f2 com pot afectar aix\u00f2 el mercat immobiliari local? \u00c9s una oportunitat o un risc per a propietaris i inversors? <\/p>\n<p data-start=\"751\" data-end=\"814\">Des de <strong data-start=\"757\" data-end=\"790\">Ferlam Immobili\u00e0ria a Ripol<\/strong>l, analitzem les claus.<\/p>\n<h2 data-section-id=\"1doea6i\" data-start=\"821\" data-end=\"868\">M\u00e9s habitatge p\u00fablic per augmentar l&#8217;oferta<\/h2>\n<p data-start=\"870\" data-end=\"1081\">El projecte municipal t\u00e9 com a objectiu principal <strong data-start=\"922\" data-end=\"967\">incrementar el parc d&#8217;habitatge p\u00fablic<\/strong>, especialment destinat a col\u00b7lectius amb dificultats d&#8217;acc\u00e9s, com ara joves o fam\u00edlies amb recursos limitats.<\/p>\n<p data-start=\"1083\" data-end=\"1252\">Aquest tipus d&#8217;iniciatives busquen equilibrar el mercat, ja que els darrers anys l&#8217;oferta de lloguer ha estat limitada, mentre que la demanda s&#8217;ha mantingut activa.<\/p>\n<p data-start=\"1254\" data-end=\"1293\">A curt termini, aix\u00f2 pot contribuir a:<\/p>\n<ul data-start=\"1295\" data-end=\"1434\">\n<li data-section-id=\"jiv03k\" data-start=\"1295\" data-end=\"1335\">\n<p data-start=\"1297\" data-end=\"1335\">Reduir la pressi\u00f3 sobre el lloguer<\/p>\n<\/li>\n<li data-section-id=\"u6ch6w\" data-start=\"1336\" data-end=\"1380\">\n<p data-start=\"1338\" data-end=\"1380\">Facilitar l&#8217;acc\u00e9s a habitatge assequible<\/p>\n<\/li>\n<li data-section-id=\"1vg5b95\" data-start=\"1381\" data-end=\"1434\">\n<p data-start=\"1383\" data-end=\"1434\">Generar m\u00e9s moviment al mercat immobiliari<\/p>\n<\/li>\n<\/ul>\n<h2 data-section-id=\"1ibswhg\" data-start=\"1441\" data-end=\"1486\">Com afecta els propietaris de Ripoll?<\/h2>\n<p data-start=\"1488\" data-end=\"1638\">Una de les preocupacions habituals \u00e9s si l&#8217;habitatge p\u00fablic pot afectar negativament el valor dels immobles o la rendibilitat del lloguer.<\/p>\n<p data-start=\"1640\" data-end=\"1745\">La realitat \u00e9s que, en mercats com Ripoll, l&#8217;impacte sol ser m\u00e9s equilibrat del que sembla.<\/p>\n<p data-start=\"1747\" data-end=\"1872\">D&#8217;una banda, una oferta m\u00e9s gran pot moderar lleugerament els preus en determinats segments. Per\u00f2, de l&#8217;altra, tamb\u00e9 pot: <\/p>\n<ul data-start=\"1874\" data-end=\"1987\">\n<li data-section-id=\"6bq0yq\" data-start=\"1874\" data-end=\"1913\">\n<p data-start=\"1876\" data-end=\"1913\">Augmentar l&#8217;estabilitat del mercat<\/p>\n<\/li>\n<li data-section-id=\"1gl9cky\" data-start=\"1914\" data-end=\"1947\">\n<p data-start=\"1916\" data-end=\"1947\">Generar m\u00e9s demanda indirecta<\/p>\n<\/li>\n<li data-section-id=\"bvi663\" data-start=\"1948\" data-end=\"1987\">\n<p data-start=\"1950\" data-end=\"1987\">Dinamitzar l&#8217;activitat immobili\u00e0ria<\/p>\n<\/li>\n<\/ul>\n<p data-start=\"1989\" data-end=\"2122\">A m\u00e9s, l&#8217;habitatge p\u00fablic sol cobrir una part espec\u00edfica de la demanda, i per aix\u00f2 el mercat privat continua tenint el seu espai.<\/p>\n<h2 data-section-id=\"hkjfp1\" data-start=\"2129\" data-end=\"2184\">Una oportunitat per ordenar el mercat del lloguer<\/h2>\n<p data-start=\"2186\" data-end=\"2430\">El principal problema actual a Ripoll no \u00e9s nom\u00e9s el preu, sin\u00f3 <strong data-start=\"2255\" data-end=\"2285\">la manca d&#8217;oferta disponible<\/strong>. Molts propietaris mantenen habitatges buits o no els destinen al lloguer per diferents motius, com ara la inseguretat jur\u00eddica o la gesti\u00f3. <\/p>\n<p data-start=\"2432\" data-end=\"2590\">En aquest sentit, l&#8217;impuls de vivenda p\u00fablica pot tenir un efecte positiu indirecte: normalitzar l&#8217;acc\u00e9s a l&#8217;habitatge i generar un entorn m\u00e9s estable.<\/p>\n<p data-start=\"2592\" data-end=\"2715\">Aix\u00f2 pot animar alguns propietaris a fer el pas de llogar, especialment si compten amb l&#8217;assessorament adequat.<\/p>\n<h2 data-section-id=\"t2nfgr\" data-start=\"2722\" data-end=\"2763\">Invertir en habitatge a Ripoll el 2026<\/h2>\n<p data-start=\"2765\" data-end=\"2941\">Per als que estan valorant invertir a Ripoll, aquest tipus de mesures no s&#8217;han d&#8217;interpretar com una amena\u00e7a, sin\u00f3 com un senyal que l&#8217;habitatge continua sent una prioritat.<\/p>\n<p data-start=\"2943\" data-end=\"3068\">Un mercat actiu, amb pol\u00edtiques p\u00fabliques que busquen equilibrar-lo, acostuma a oferir millors oportunitats a mitj\u00e0 i llarg termini.<\/p>\n<p data-start=\"3070\" data-end=\"3087\">La clau \u00e9s a:<\/p>\n<ul data-start=\"3089\" data-end=\"3185\">\n<li data-section-id=\"1lpaxz2\" data-start=\"3089\" data-end=\"3117\">\n<p data-start=\"3091\" data-end=\"3117\">Triar b\u00e9 la ubicaci\u00f3<\/p>\n<\/li>\n<li data-section-id=\"1eelnmj\" data-start=\"3118\" data-end=\"3146\">\n<p data-start=\"3120\" data-end=\"3146\">Analitzar la demanda real<\/p>\n<\/li>\n<li data-section-id=\"hyecf0\" data-start=\"3147\" data-end=\"3185\">\n<p data-start=\"3149\" data-end=\"3185\">Comptar amb una gesti\u00f3 professional<\/p>\n<\/li>\n<\/ul>\n<h2 data-section-id=\"1h0zxoi\" data-start=\"3192\" data-end=\"3229\">El paper d&#8217;una immobili\u00e0ria local<\/h2>\n<p data-start=\"3231\" data-end=\"3359\">En un context de canvis normatius i noves pol\u00edtiques d&#8217;habitatge, tenir assessorament local \u00e9s m\u00e9s important que mai.<\/p>\n<p data-start=\"3361\" data-end=\"3570\">A <strong data-start=\"3364\" data-end=\"3387\"><a href=\"https:\/\/ferlamripoll.com\/contactar\/\">Ferlam Immobili\u00e0ria<\/a><\/strong>, treballem amb propietaris i compradors del Ripoll\u00e8s per adaptar cada operaci\u00f3 a la realitat del mercat, oferint seguretat, coneixement i acompanyament en tot el proc\u00e9s.<\/p>\n<h2 data-section-id=\"8dqre\" data-start=\"3577\" data-end=\"3590\">Conclusi\u00f3<\/h2>\n<p data-start=\"3592\" data-end=\"3719\">L&#8217;impuls d&#8217;habitatge p\u00fablic a Ripoll respon a una necessitat real: augmentar l&#8217;oferta i facilitar-ne l&#8217;acc\u00e9s.<\/p>\n<p data-start=\"3721\" data-end=\"3905\">Lluny de ser un problema, es pot convertir en un factor d&#8217;estabilitat per al mercat immobiliari local, generant noves oportunitats tant per a propietaris com per a inversors.<\/p>\n","protected":false},"excerpt":{"rendered":"<p>L&#8217;acc\u00e9s a l&#8217;habitatge continua sent un dels grans reptes a moltes zones de Catalunya, i Ripoll no n&#8217;\u00e9s una excepci\u00f3. En aquest context, l&#8217;ajuntament ha anunciat noves iniciatives per impulsar la construcci\u00f3 de vivenda p\u00fablica, amb l&#8217;objectiu d&#8217;augmentar l&#8217;oferta disponible i facilitar l&#8217;acc\u00e9s a pisos a preus assequibles. Per\u00f2 com pot afectar aix\u00f2 el mercat [&hellip;]<\/p>\n","protected":false},"author":2,"featured_media":7201,"comment_status":"closed","ping_status":"closed","sticky":false,"template":"","format":"standard","meta":{"footnotes":""},"categories":[100],"tags":[],"class_list":["post-7204","post","type-post","status-publish","format-standard","has-post-thumbnail","hentry","category-noticies"],"yoast_head":"<!-- This site is optimized with the Yoast SEO plugin v27.5 - https:\/\/yoast.com\/product\/yoast-seo-wordpress\/ -->\n<title>Habitatge p\u00fablic a Ripoll 2026: impacte al mercat<\/title>\n<meta name=\"description\" content=\"Ripoll impulsa l&#039;habitatge p\u00fablic el 2026. Analitzem com afecta el mercat immobiliari, lloguer i propietaris a la zona.\" \/>\n<meta name=\"robots\" content=\"index, follow, max-snippet:-1, max-image-preview:large, max-video-preview:-1\" \/>\n<link rel=\"canonical\" href=\"https:\/\/ferlamripoll.com\/ca\/ripoll-impulsa-la-construccio-dhabitatge-public-que-significa-per-al-mercat-immobiliari-el-2026\/\" \/>\n<meta property=\"og:locale\" content=\"ca_ES\" \/>\n<meta property=\"og:type\" content=\"article\" \/>\n<meta property=\"og:title\" content=\"Habitatge p\u00fablic a Ripoll 2026: impacte al mercat\" \/>\n<meta property=\"og:description\" content=\"Ripoll impulsa l&#039;habitatge p\u00fablic el 2026. Analitzem com afecta el mercat immobiliari, lloguer i propietaris a la zona.\" \/>\n<meta property=\"og:url\" content=\"https:\/\/ferlamripoll.com\/ca\/ripoll-impulsa-la-construccio-dhabitatge-public-que-significa-per-al-mercat-immobiliari-el-2026\/\" \/>\n<meta property=\"og:site_name\" content=\"Ferlam - Servicios inmobiliarios\" \/>\n<meta property=\"article:publisher\" content=\"https:\/\/www.facebook.com\/people\/Ferlam\/100048870507316\/\" \/>\n<meta property=\"article:published_time\" content=\"2026-03-19T08:53:04+00:00\" \/>\n<meta property=\"og:image\" content=\"https:\/\/ferlamripoll.com\/wp-content\/uploads\/2026\/03\/Ripoll-impulsa-la-construccion-de-vivienda-publica.png\" \/>\n\t<meta property=\"og:image:width\" content=\"1536\" \/>\n\t<meta property=\"og:image:height\" content=\"1024\" \/>\n\t<meta property=\"og:image:type\" content=\"image\/png\" \/>\n<meta name=\"author\" content=\"Websden\" \/>\n<meta name=\"twitter:card\" content=\"summary_large_image\" \/>\n<meta name=\"twitter:label1\" content=\"Escrit per\" \/>\n\t<meta name=\"twitter:data1\" content=\"Websden\" \/>\n\t<meta name=\"twitter:label2\" content=\"Temps estimat de lectura\" \/>\n\t<meta name=\"twitter:data2\" content=\"3 minuts\" \/>\n<script type=\"application\/ld+json\" class=\"yoast-schema-graph\">{\"@context\":\"https:\\\/\\\/schema.org\",\"@graph\":[{\"@type\":\"Article\",\"@id\":\"https:\\\/\\\/ferlamripoll.com\\\/ca\\\/ripoll-impulsa-la-construccio-dhabitatge-public-que-significa-per-al-mercat-immobiliari-el-2026\\\/#article\",\"isPartOf\":{\"@id\":\"https:\\\/\\\/ferlamripoll.com\\\/ca\\\/ripoll-impulsa-la-construccio-dhabitatge-public-que-significa-per-al-mercat-immobiliari-el-2026\\\/\"},\"author\":{\"name\":\"Websden\",\"@id\":\"https:\\\/\\\/ferlamripoll.com\\\/ca\\\/#\\\/schema\\\/person\\\/aaf409293c8d9994875802d3f10752fa\"},\"headline\":\"Ripoll impulsa la construcci\u00f3 d&#8217;habitatge p\u00fablic: qu\u00e8 significa per al mercat immobiliari el 2026\",\"datePublished\":\"2026-03-19T08:53:04+00:00\",\"mainEntityOfPage\":{\"@id\":\"https:\\\/\\\/ferlamripoll.com\\\/ca\\\/ripoll-impulsa-la-construccio-dhabitatge-public-que-significa-per-al-mercat-immobiliari-el-2026\\\/\"},\"wordCount\":595,\"publisher\":{\"@id\":\"https:\\\/\\\/ferlamripoll.com\\\/ca\\\/#organization\"},\"image\":{\"@id\":\"https:\\\/\\\/ferlamripoll.com\\\/ca\\\/ripoll-impulsa-la-construccio-dhabitatge-public-que-significa-per-al-mercat-immobiliari-el-2026\\\/#primaryimage\"},\"thumbnailUrl\":\"https:\\\/\\\/ferlamripoll.com\\\/wp-content\\\/uploads\\\/2026\\\/03\\\/Ripoll-impulsa-la-construccion-de-vivienda-publica.png\",\"articleSection\":[\"Not\u00edcies\"],\"inLanguage\":\"ca\"},{\"@type\":\"WebPage\",\"@id\":\"https:\\\/\\\/ferlamripoll.com\\\/ca\\\/ripoll-impulsa-la-construccio-dhabitatge-public-que-significa-per-al-mercat-immobiliari-el-2026\\\/\",\"url\":\"https:\\\/\\\/ferlamripoll.com\\\/ca\\\/ripoll-impulsa-la-construccio-dhabitatge-public-que-significa-per-al-mercat-immobiliari-el-2026\\\/\",\"name\":\"Habitatge p\u00fablic a Ripoll 2026: impacte al mercat\",\"isPartOf\":{\"@id\":\"https:\\\/\\\/ferlamripoll.com\\\/ca\\\/#website\"},\"primaryImageOfPage\":{\"@id\":\"https:\\\/\\\/ferlamripoll.com\\\/ca\\\/ripoll-impulsa-la-construccio-dhabitatge-public-que-significa-per-al-mercat-immobiliari-el-2026\\\/#primaryimage\"},\"image\":{\"@id\":\"https:\\\/\\\/ferlamripoll.com\\\/ca\\\/ripoll-impulsa-la-construccio-dhabitatge-public-que-significa-per-al-mercat-immobiliari-el-2026\\\/#primaryimage\"},\"thumbnailUrl\":\"https:\\\/\\\/ferlamripoll.com\\\/wp-content\\\/uploads\\\/2026\\\/03\\\/Ripoll-impulsa-la-construccion-de-vivienda-publica.png\",\"datePublished\":\"2026-03-19T08:53:04+00:00\",\"description\":\"Ripoll impulsa l'habitatge p\u00fablic el 2026. Analitzem com afecta el mercat immobiliari, lloguer i propietaris a la zona.\",\"breadcrumb\":{\"@id\":\"https:\\\/\\\/ferlamripoll.com\\\/ca\\\/ripoll-impulsa-la-construccio-dhabitatge-public-que-significa-per-al-mercat-immobiliari-el-2026\\\/#breadcrumb\"},\"inLanguage\":\"ca\",\"potentialAction\":[{\"@type\":\"ReadAction\",\"target\":[\"https:\\\/\\\/ferlamripoll.com\\\/ca\\\/ripoll-impulsa-la-construccio-dhabitatge-public-que-significa-per-al-mercat-immobiliari-el-2026\\\/\"]}]},{\"@type\":\"ImageObject\",\"inLanguage\":\"ca\",\"@id\":\"https:\\\/\\\/ferlamripoll.com\\\/ca\\\/ripoll-impulsa-la-construccio-dhabitatge-public-que-significa-per-al-mercat-immobiliari-el-2026\\\/#primaryimage\",\"url\":\"https:\\\/\\\/ferlamripoll.com\\\/wp-content\\\/uploads\\\/2026\\\/03\\\/Ripoll-impulsa-la-construccion-de-vivienda-publica.png\",\"contentUrl\":\"https:\\\/\\\/ferlamripoll.com\\\/wp-content\\\/uploads\\\/2026\\\/03\\\/Ripoll-impulsa-la-construccion-de-vivienda-publica.png\",\"width\":1536,\"height\":1024,\"caption\":\"Ripoll impulsa la construcci\u00f3n de vivienda p\u00fablica\"},{\"@type\":\"BreadcrumbList\",\"@id\":\"https:\\\/\\\/ferlamripoll.com\\\/ca\\\/ripoll-impulsa-la-construccio-dhabitatge-public-que-significa-per-al-mercat-immobiliari-el-2026\\\/#breadcrumb\",\"itemListElement\":[{\"@type\":\"ListItem\",\"position\":1,\"name\":\"Portada\",\"item\":\"https:\\\/\\\/ferlamripoll.com\\\/ca\\\/inici\\\/\"},{\"@type\":\"ListItem\",\"position\":2,\"name\":\"Ripoll impulsa la construcci\u00f3 d&#8217;habitatge p\u00fablic: qu\u00e8 significa per al mercat immobiliari el 2026\"}]},{\"@type\":\"WebSite\",\"@id\":\"https:\\\/\\\/ferlamripoll.com\\\/ca\\\/#website\",\"url\":\"https:\\\/\\\/ferlamripoll.com\\\/ca\\\/\",\"name\":\"Ferlam - Servicios inmobiliarios\",\"description\":\"\",\"publisher\":{\"@id\":\"https:\\\/\\\/ferlamripoll.com\\\/ca\\\/#organization\"},\"potentialAction\":[{\"@type\":\"SearchAction\",\"target\":{\"@type\":\"EntryPoint\",\"urlTemplate\":\"https:\\\/\\\/ferlamripoll.com\\\/ca\\\/?s={search_term_string}\"},\"query-input\":{\"@type\":\"PropertyValueSpecification\",\"valueRequired\":true,\"valueName\":\"search_term_string\"}}],\"inLanguage\":\"ca\"},{\"@type\":\"Organization\",\"@id\":\"https:\\\/\\\/ferlamripoll.com\\\/ca\\\/#organization\",\"name\":\"Ferlam - Servicios inmobiliarios\",\"url\":\"https:\\\/\\\/ferlamripoll.com\\\/ca\\\/\",\"logo\":{\"@type\":\"ImageObject\",\"inLanguage\":\"ca\",\"@id\":\"https:\\\/\\\/ferlamripoll.com\\\/ca\\\/#\\\/schema\\\/logo\\\/image\\\/\",\"url\":\"https:\\\/\\\/ferlamripoll.com\\\/wp-content\\\/uploads\\\/2024\\\/09\\\/logo-ferlam-1.webp\",\"contentUrl\":\"https:\\\/\\\/ferlamripoll.com\\\/wp-content\\\/uploads\\\/2024\\\/09\\\/logo-ferlam-1.webp\",\"width\":350,\"height\":96,\"caption\":\"Ferlam - Servicios inmobiliarios\"},\"image\":{\"@id\":\"https:\\\/\\\/ferlamripoll.com\\\/ca\\\/#\\\/schema\\\/logo\\\/image\\\/\"},\"sameAs\":[\"https:\\\/\\\/www.facebook.com\\\/people\\\/Ferlam\\\/100048870507316\\\/\",\"https:\\\/\\\/www.instagram.com\\\/ferlam.immobiliaria\\\/\"]},{\"@type\":\"Person\",\"@id\":\"https:\\\/\\\/ferlamripoll.com\\\/ca\\\/#\\\/schema\\\/person\\\/aaf409293c8d9994875802d3f10752fa\",\"name\":\"Websden\",\"image\":{\"@type\":\"ImageObject\",\"inLanguage\":\"ca\",\"@id\":\"https:\\\/\\\/secure.gravatar.com\\\/avatar\\\/a3f76f7596133391e1221d5d9ac8ca9cb5cc2966712e4355052d7300f5c007fd?s=96&d=mm&r=g\",\"url\":\"https:\\\/\\\/secure.gravatar.com\\\/avatar\\\/a3f76f7596133391e1221d5d9ac8ca9cb5cc2966712e4355052d7300f5c007fd?s=96&d=mm&r=g\",\"contentUrl\":\"https:\\\/\\\/secure.gravatar.com\\\/avatar\\\/a3f76f7596133391e1221d5d9ac8ca9cb5cc2966712e4355052d7300f5c007fd?s=96&d=mm&r=g\",\"caption\":\"Websden\"},\"url\":\"https:\\\/\\\/ferlamripoll.com\\\/ca\\\/author\\\/websden\\\/\"}]}<\/script>\n<!-- \/ Yoast SEO plugin. -->","yoast_head_json":{"title":"Habitatge p\u00fablic a Ripoll 2026: impacte al mercat","description":"Ripoll impulsa l'habitatge p\u00fablic el 2026. Analitzem com afecta el mercat immobiliari, lloguer i propietaris a la zona.","robots":{"index":"index","follow":"follow","max-snippet":"max-snippet:-1","max-image-preview":"max-image-preview:large","max-video-preview":"max-video-preview:-1"},"canonical":"https:\/\/ferlamripoll.com\/ca\/ripoll-impulsa-la-construccio-dhabitatge-public-que-significa-per-al-mercat-immobiliari-el-2026\/","og_locale":"ca_ES","og_type":"article","og_title":"Habitatge p\u00fablic a Ripoll 2026: impacte al mercat","og_description":"Ripoll impulsa l'habitatge p\u00fablic el 2026. Analitzem com afecta el mercat immobiliari, lloguer i propietaris a la zona.","og_url":"https:\/\/ferlamripoll.com\/ca\/ripoll-impulsa-la-construccio-dhabitatge-public-que-significa-per-al-mercat-immobiliari-el-2026\/","og_site_name":"Ferlam - Servicios inmobiliarios","article_publisher":"https:\/\/www.facebook.com\/people\/Ferlam\/100048870507316\/","article_published_time":"2026-03-19T08:53:04+00:00","og_image":[{"width":1536,"height":1024,"url":"https:\/\/ferlamripoll.com\/wp-content\/uploads\/2026\/03\/Ripoll-impulsa-la-construccion-de-vivienda-publica.png","type":"image\/png"}],"author":"Websden","twitter_card":"summary_large_image","twitter_misc":{"Escrit per":"Websden","Temps estimat de lectura":"3 minuts"},"schema":{"@context":"https:\/\/schema.org","@graph":[{"@type":"Article","@id":"https:\/\/ferlamripoll.com\/ca\/ripoll-impulsa-la-construccio-dhabitatge-public-que-significa-per-al-mercat-immobiliari-el-2026\/#article","isPartOf":{"@id":"https:\/\/ferlamripoll.com\/ca\/ripoll-impulsa-la-construccio-dhabitatge-public-que-significa-per-al-mercat-immobiliari-el-2026\/"},"author":{"name":"Websden","@id":"https:\/\/ferlamripoll.com\/ca\/#\/schema\/person\/aaf409293c8d9994875802d3f10752fa"},"headline":"Ripoll impulsa la construcci\u00f3 d&#8217;habitatge p\u00fablic: qu\u00e8 significa per al mercat immobiliari el 2026","datePublished":"2026-03-19T08:53:04+00:00","mainEntityOfPage":{"@id":"https:\/\/ferlamripoll.com\/ca\/ripoll-impulsa-la-construccio-dhabitatge-public-que-significa-per-al-mercat-immobiliari-el-2026\/"},"wordCount":595,"publisher":{"@id":"https:\/\/ferlamripoll.com\/ca\/#organization"},"image":{"@id":"https:\/\/ferlamripoll.com\/ca\/ripoll-impulsa-la-construccio-dhabitatge-public-que-significa-per-al-mercat-immobiliari-el-2026\/#primaryimage"},"thumbnailUrl":"https:\/\/ferlamripoll.com\/wp-content\/uploads\/2026\/03\/Ripoll-impulsa-la-construccion-de-vivienda-publica.png","articleSection":["Not\u00edcies"],"inLanguage":"ca"},{"@type":"WebPage","@id":"https:\/\/ferlamripoll.com\/ca\/ripoll-impulsa-la-construccio-dhabitatge-public-que-significa-per-al-mercat-immobiliari-el-2026\/","url":"https:\/\/ferlamripoll.com\/ca\/ripoll-impulsa-la-construccio-dhabitatge-public-que-significa-per-al-mercat-immobiliari-el-2026\/","name":"Habitatge p\u00fablic a Ripoll 2026: impacte al mercat","isPartOf":{"@id":"https:\/\/ferlamripoll.com\/ca\/#website"},"primaryImageOfPage":{"@id":"https:\/\/ferlamripoll.com\/ca\/ripoll-impulsa-la-construccio-dhabitatge-public-que-significa-per-al-mercat-immobiliari-el-2026\/#primaryimage"},"image":{"@id":"https:\/\/ferlamripoll.com\/ca\/ripoll-impulsa-la-construccio-dhabitatge-public-que-significa-per-al-mercat-immobiliari-el-2026\/#primaryimage"},"thumbnailUrl":"https:\/\/ferlamripoll.com\/wp-content\/uploads\/2026\/03\/Ripoll-impulsa-la-construccion-de-vivienda-publica.png","datePublished":"2026-03-19T08:53:04+00:00","description":"Ripoll impulsa l'habitatge p\u00fablic el 2026. Analitzem com afecta el mercat immobiliari, lloguer i propietaris a la zona.","breadcrumb":{"@id":"https:\/\/ferlamripoll.com\/ca\/ripoll-impulsa-la-construccio-dhabitatge-public-que-significa-per-al-mercat-immobiliari-el-2026\/#breadcrumb"},"inLanguage":"ca","potentialAction":[{"@type":"ReadAction","target":["https:\/\/ferlamripoll.com\/ca\/ripoll-impulsa-la-construccio-dhabitatge-public-que-significa-per-al-mercat-immobiliari-el-2026\/"]}]},{"@type":"ImageObject","inLanguage":"ca","@id":"https:\/\/ferlamripoll.com\/ca\/ripoll-impulsa-la-construccio-dhabitatge-public-que-significa-per-al-mercat-immobiliari-el-2026\/#primaryimage","url":"https:\/\/ferlamripoll.com\/wp-content\/uploads\/2026\/03\/Ripoll-impulsa-la-construccion-de-vivienda-publica.png","contentUrl":"https:\/\/ferlamripoll.com\/wp-content\/uploads\/2026\/03\/Ripoll-impulsa-la-construccion-de-vivienda-publica.png","width":1536,"height":1024,"caption":"Ripoll impulsa la construcci\u00f3n de vivienda p\u00fablica"},{"@type":"BreadcrumbList","@id":"https:\/\/ferlamripoll.com\/ca\/ripoll-impulsa-la-construccio-dhabitatge-public-que-significa-per-al-mercat-immobiliari-el-2026\/#breadcrumb","itemListElement":[{"@type":"ListItem","position":1,"name":"Portada","item":"https:\/\/ferlamripoll.com\/ca\/inici\/"},{"@type":"ListItem","position":2,"name":"Ripoll impulsa la construcci\u00f3 d&#8217;habitatge p\u00fablic: qu\u00e8 significa per al mercat immobiliari el 2026"}]},{"@type":"WebSite","@id":"https:\/\/ferlamripoll.com\/ca\/#website","url":"https:\/\/ferlamripoll.com\/ca\/","name":"Ferlam - Servicios inmobiliarios","description":"","publisher":{"@id":"https:\/\/ferlamripoll.com\/ca\/#organization"},"potentialAction":[{"@type":"SearchAction","target":{"@type":"EntryPoint","urlTemplate":"https:\/\/ferlamripoll.com\/ca\/?s={search_term_string}"},"query-input":{"@type":"PropertyValueSpecification","valueRequired":true,"valueName":"search_term_string"}}],"inLanguage":"ca"},{"@type":"Organization","@id":"https:\/\/ferlamripoll.com\/ca\/#organization","name":"Ferlam - Servicios inmobiliarios","url":"https:\/\/ferlamripoll.com\/ca\/","logo":{"@type":"ImageObject","inLanguage":"ca","@id":"https:\/\/ferlamripoll.com\/ca\/#\/schema\/logo\/image\/","url":"https:\/\/ferlamripoll.com\/wp-content\/uploads\/2024\/09\/logo-ferlam-1.webp","contentUrl":"https:\/\/ferlamripoll.com\/wp-content\/uploads\/2024\/09\/logo-ferlam-1.webp","width":350,"height":96,"caption":"Ferlam - Servicios inmobiliarios"},"image":{"@id":"https:\/\/ferlamripoll.com\/ca\/#\/schema\/logo\/image\/"},"sameAs":["https:\/\/www.facebook.com\/people\/Ferlam\/100048870507316\/","https:\/\/www.instagram.com\/ferlam.immobiliaria\/"]},{"@type":"Person","@id":"https:\/\/ferlamripoll.com\/ca\/#\/schema\/person\/aaf409293c8d9994875802d3f10752fa","name":"Websden","image":{"@type":"ImageObject","inLanguage":"ca","@id":"https:\/\/secure.gravatar.com\/avatar\/a3f76f7596133391e1221d5d9ac8ca9cb5cc2966712e4355052d7300f5c007fd?s=96&d=mm&r=g","url":"https:\/\/secure.gravatar.com\/avatar\/a3f76f7596133391e1221d5d9ac8ca9cb5cc2966712e4355052d7300f5c007fd?s=96&d=mm&r=g","contentUrl":"https:\/\/secure.gravatar.com\/avatar\/a3f76f7596133391e1221d5d9ac8ca9cb5cc2966712e4355052d7300f5c007fd?s=96&d=mm&r=g","caption":"Websden"},"url":"https:\/\/ferlamripoll.com\/ca\/author\/websden\/"}]}},"_links":{"self":[{"href":"https:\/\/ferlamripoll.com\/ca\/wp-json\/wp\/v2\/posts\/7204","targetHints":{"allow":["GET"]}}],"collection":[{"href":"https:\/\/ferlamripoll.com\/ca\/wp-json\/wp\/v2\/posts"}],"about":[{"href":"https:\/\/ferlamripoll.com\/ca\/wp-json\/wp\/v2\/types\/post"}],"author":[{"embeddable":true,"href":"https:\/\/ferlamripoll.com\/ca\/wp-json\/wp\/v2\/users\/2"}],"replies":[{"embeddable":true,"href":"https:\/\/ferlamripoll.com\/ca\/wp-json\/wp\/v2\/comments?post=7204"}],"version-history":[{"count":0,"href":"https:\/\/ferlamripoll.com\/ca\/wp-json\/wp\/v2\/posts\/7204\/revisions"}],"wp:featuredmedia":[{"embeddable":true,"href":"https:\/\/ferlamripoll.com\/ca\/wp-json\/wp\/v2\/media\/7201"}],"wp:attachment":[{"href":"https:\/\/ferlamripoll.com\/ca\/wp-json\/wp\/v2\/media?parent=7204"}],"wp:term":[{"taxonomy":"category","embeddable":true,"href":"https:\/\/ferlamripoll.com\/ca\/wp-json\/wp\/v2\/categories?post=7204"},{"taxonomy":"post_tag","embeddable":true,"href":"https:\/\/ferlamripoll.com\/ca\/wp-json\/wp\/v2\/tags?post=7204"}],"curies":[{"name":"wp","href":"https:\/\/api.w.org\/{rel}","templated":true}]}}